{"date":"2017-11-21T16:23:15","title":"Qu\u00e9 debemos aprender de la Formaci\u00f3n Profesional en Europa","entradilla":"La Formaci\u00f3n profesional es una de las bases de cualquier econom\u00eda. Descubre la oferta educativa de nuestro pa\u00eds y c\u00f3mo se puede mejorar.","link":"https:\/\/www.avanzaentucarrera.com\/orientacion\/orientacion-academica\/formacion-profesional\/debemos-aprender-la-formacion-profesional-europa\/","featured_image_url":"https:\/\/www.avanzaentucarrera.com\/orientacion\/comp\/uploads\/2017\/11\/aprender-de-la-Formaci\u00f3n-Profesional-en-Europa-2.jpg"}