{"date":"2020-05-05T07:30:32","title":"\u00bfEn qu\u00e9 consiste la FP Dual?","entradilla":"Si quieres prepararte para una profesi\u00f3n ya y te interesa una formaci\u00f3n pr\u00e1ctica lo m\u00e1s cercana posible al entorno empresarial, entonces es bastante probable que la FP Dual sea tu salida profesional.","link":"https:\/\/www.avanzaentucarrera.com\/orientacion\/orientacion-academica\/formacion-profesional\/en-que-consiste-la-fp-dual\/","featured_image_url":"https:\/\/www.avanzaentucarrera.com\/orientacion\/comp\/uploads\/2020\/03\/AETC-FP-dual.jpg"}