{"date":"2020-07-14T17:18:43","title":"C\u00f3mo ser\u00e1 el programa Erasmus en 2021","entradilla":"Est\u00e1 previsto que el programa Erasmus a partir del 2021 d\u00e9 un giro con una dotaci\u00f3n presupuestaria mayor. La convocatoria de este a\u00f1o ha quedado marcada por la pandemia y la que viene navega en la incertidumbre. Te hablamos del panorama en el que se envuelve el futuro pr\u00f3ximo de estas becas que cuentan con una trayectoria de 30 a\u00f1os y han ayudado a m\u00e1s de 9 millones de personas a estudiar.","link":"https:\/\/www.avanzaentucarrera.com\/orientacion\/orientacion-academica\/carreras-grados\/como-sera-el-programa-erasmus-en-2021\/","featured_image_url":"https:\/\/www.avanzaentucarrera.com\/orientacion\/comp\/uploads\/2020\/07\/Avanza-en-tu-carrera_programa-Erasmus.jpg"}