{"date":"2021-08-03T07:30:28","title":"Desajuste horizontal entre formaci\u00f3n y trabajo","entradilla":"Tras la crisis econ\u00f3mica del 2008 y los efectos de la pandemia de la COVID-19, el mercado espa\u00f1ol de trabajo ha sufrido profundas alteraciones. Los trabajadores no hab\u00edan acabado de salir de la crisis anterior cuando el coronavirus comenz\u00f3 a expandirse. En esta situaci\u00f3n, muchas personas han tenido que desempe\u00f1ar trabajos que poco o nada tienen que ver con su formaci\u00f3n. En unos casos porque las exigencias del puesto est\u00e1n por debajo de su nivel formativo. En otros, porque su \u00e1rea de estudios no coincide con la del puesto que ocupan. Es lo que se conoce como \u00abdesajuste horizontal\u00bb. Encuentra aqu\u00ed lo que necesitas saber sobre este desequilibrio.","link":"https:\/\/www.avanzaentucarrera.com\/orientacion\/orientacion-academica\/carreras-grados\/desajuste-horizontal-entre-formacion-y-trabajo\/","featured_image_url":"https:\/\/www.avanzaentucarrera.com\/orientacion\/comp\/uploads\/2021\/08\/Desajuste-horizontal.jpg"}