{"date":"2021-09-28T07:30:17","title":"Consolidar la FP Dual, el objetivo de la nueva ley","entradilla":"La Formaci\u00f3n Profesional est\u00e1 en auge. Desde hace unos a\u00f1os, los estudiantes de todos los ciclos formativos de FP est\u00e1n m\u00e1s solicitados por las empresas que los universitarios. Uno de los motivos es el d\u00e9ficit de profesionales especializados que existe en el mercado de trabajo. Otro, la carga pr\u00e1ctica de estos estudios, que permite a los titulados de FP ser productivos desde el momento en el que acceden al puesto de trabajo. A\u00fan m\u00e1s para aquellos que han cursado una FP Dual. La nueva ley que aprobar\u00e1 el Gobierno quiere consolidar esta tendencia.","link":"https:\/\/www.avanzaentucarrera.com\/orientacion\/orientacion-academica\/formacion-profesional\/consolidar-la-fp-dual-el-objetivo-de-la-nueva-ley\/","featured_image_url":"https:\/\/www.avanzaentucarrera.com\/orientacion\/comp\/uploads\/2017\/12\/FP-Dual.jpg"}